{"id":75175,"date":"2026-04-22T16:41:36","date_gmt":"2026-04-22T22:41:36","guid":{"rendered":"https:\/\/thebelizecollection.com\/celebrez-le-jour-de-la-terre-avec-the-belize-collection-proteger-la-faune-grace-a-un-tourisme-responsable\/"},"modified":"2026-04-24T07:53:45","modified_gmt":"2026-04-24T13:53:45","slug":"celebrez-le-jour-de-la-terre-avec-the-belize-collection-proteger-la-faune-grace-a-un-tourisme-responsable","status":"publish","type":"post","link":"https:\/\/thebelizecollection.com\/fr\/celebrez-le-jour-de-la-terre-avec-the-belize-collection-proteger-la-faune-grace-a-un-tourisme-responsable\/","title":{"rendered":"C\u00e9l\u00e9brez le Jour de la Terre avec The Belize Collection : prot\u00e9ger la faune gr\u00e2ce \u00e0 un tourisme responsable"},"content":{"rendered":"\t\t<div data-elementor-type=\"wp-post\" data-elementor-id=\"75175\" class=\"elementor elementor-75175 elementor-75124\" data-elementor-post-type=\"post\">\n\t\t\t\t<div class=\"elementor-element elementor-element-24ab8a9 e-flex e-con-boxed e-con e-parent\" data-id=\"24ab8a9\" data-element_type=\"container\" data-e-type=\"container\">\n\t\t\t\t\t<div class=\"e-con-inner\">\n\t\t<div class=\"elementor-element elementor-element-e9a57b3 e-con-full e-flex e-con e-child\" data-id=\"e9a57b3\" data-element_type=\"container\" data-e-type=\"container\">\n\t\t\t\t<div class=\"elementor-element elementor-element-bf3b2be elementor-widget__width-initial elementor-widget elementor-widget-text-editor\" data-id=\"bf3b2be\" data-element_type=\"widget\" data-e-type=\"widget\" data-widget_type=\"text-editor.default\">\n\t\t\t\t<div class=\"elementor-widget-container\">\n\t\t\t\t\t\t\t\t\t<p>Le Belize est un pays d\u00e9fini par sa beaut\u00e9 naturelle, des for\u00eats tropicales et rivi\u00e8res aux r\u00e9cifs coralliens regorgeant de vie. Alors que nous comm\u00e9morons le Jour de la Terre, notre attention se tourne vers l&#8217;action. Nous reconnaissons que la protection du patrimoine naturel du Belize n\u00e9cessite plus que de l&#8217;admiration. The Belize Collection continue de d\u00e9ployer tous les efforts pour combiner des exp\u00e9riences immersives pour nos h\u00f4tes avec des initiatives de conservation ayant un impact r\u00e9el, contribuant ainsi \u00e0 pr\u00e9server la faune et les habitats du pays.    <\/p>\t\t\t\t\t\t\t\t<\/div>\n\t\t\t\t<\/div>\n\t\t\t\t<\/div>\n\t\t\t\t\t<\/div>\n\t\t\t\t<\/div>\n\t\t<div class=\"elementor-element elementor-element-8ca119a e-flex e-con-boxed e-con e-parent\" data-id=\"8ca119a\" data-element_type=\"container\" data-e-type=\"container\">\n\t\t\t\t\t<div class=\"e-con-inner\">\n\t\t<div class=\"elementor-element elementor-element-83fc613 e-con-full e-flex e-con e-child\" data-id=\"83fc613\" data-element_type=\"container\" data-e-type=\"container\" data-settings=\"{&quot;background_background&quot;:&quot;classic&quot;}\">\n\t\t\t\t<div class=\"elementor-element elementor-element-7f38a8f elementor-widget elementor-widget-spacer\" data-id=\"7f38a8f\" data-element_type=\"widget\" data-e-type=\"widget\" data-widget_type=\"spacer.default\">\n\t\t\t\t<div class=\"elementor-widget-container\">\n\t\t\t\t\t\t\t<div class=\"elementor-spacer\">\n\t\t\t<div class=\"elementor-spacer-inner\"><\/div>\n\t\t<\/div>\n\t\t\t\t\t\t<\/div>\n\t\t\t\t<\/div>\n\t\t\t\t<\/div>\n\t\t<div class=\"elementor-element elementor-element-185d29c e-con-full e-flex e-con e-child\" data-id=\"185d29c\" data-element_type=\"container\" data-e-type=\"container\">\n\t\t\t\t<div class=\"elementor-element elementor-element-43bfbc4 elementor-widget__width-initial elementor-widget elementor-widget-text-editor\" data-id=\"43bfbc4\" data-element_type=\"widget\" data-e-type=\"widget\" data-widget_type=\"text-editor.default\">\n\t\t\t\t<div class=\"elementor-widget-container\">\n\t\t\t\t\t\t\t\t\t<p>Au c\u0153ur de la for\u00eat tropicale, \u00e0 The Banks et The Rainforest Lodge at Sleeping Giant, Seeds of Tomorrow encourage les h\u00f4tes \u00e0 participer aux efforts de plantation d&#8217;arbres qui contribuent directement \u00e0 la reforestation. En restaurant la flore indig\u00e8ne, ce projet aide \u00e0 reconstruire des habitats essentiels qui soutiennent la faune diversifi\u00e9e du Belize, notamment ses f\u00e9lins embl\u00e9matiques : le jaguar, l&#8217;ocelot et le margay. En compl\u00e9ment, Trail Tales, un projet de pi\u00e9geage photographique install\u00e9 sur des sentiers pr\u00e9serv\u00e9s de la jungle, est con\u00e7u pour recueillir des donn\u00e9es non invasives en temps r\u00e9el sur la pr\u00e9sence, le comportement et les d\u00e9placements de la faune. Ces informations sont pr\u00e9cieuses pour surveiller les populations, \u00e9tudier les sch\u00e9mas \u00e9cologiques, d\u00e9tecter les menaces potentielles et mesurer l&#8217;efficacit\u00e9 des efforts de conservation.    <\/p>\t\t\t\t\t\t\t\t<\/div>\n\t\t\t\t<\/div>\n\t\t\t\t<\/div>\n\t\t\t\t\t<\/div>\n\t\t\t\t<\/div>\n\t\t<div class=\"elementor-element elementor-element-299fcba e-flex e-con-boxed e-con e-parent\" data-id=\"299fcba\" data-element_type=\"container\" data-e-type=\"container\">\n\t\t\t\t\t<div class=\"e-con-inner\">\n\t\t<div class=\"elementor-element elementor-element-caf86d8 e-con-full e-flex e-con e-child\" data-id=\"caf86d8\" data-element_type=\"container\" data-e-type=\"container\">\n\t\t\t\t<div class=\"elementor-element elementor-element-9b39e30 elementor-widget__width-initial elementor-widget elementor-widget-text-editor\" data-id=\"9b39e30\" data-element_type=\"widget\" data-e-type=\"widget\" data-widget_type=\"text-editor.default\">\n\t\t\t\t<div class=\"elementor-widget-container\">\n\t\t\t\t\t\t\t\t\t<p>Le long de la c\u00f4te, les efforts de conservation se poursuivent avec un impact tout aussi significatif. The Lodge at Jaguar Reef et Almond Beach Resort se sont associ\u00e9s \u00e0 MarAlliance pour organiser des initiatives de nettoyage des plages. Ces efforts rassemblent les h\u00f4tes, les membres de l&#8217;\u00e9quipe et les participants de la communaut\u00e9 pour retirer les d\u00e9chets du littoral et des plages partag\u00e9es du Belize, contribuant ainsi \u00e0 emp\u00eacher la pollution d&#8217;atteindre l&#8217;oc\u00e9an et \u00e0 prot\u00e9ger les \u00e9cosyst\u00e8mes marins.  <\/p><p><span style=\"font-weight: 400;\">La durabilit\u00e9 est \u00e9galement int\u00e9gr\u00e9e \u00e0 l&#8217;exp\u00e9rience quotidienne de nos h\u00f4tes. Dans toutes nos propri\u00e9t\u00e9s, l&#8217;initiative Lights Out offre un rappel simple mais puissant de notre impact environnemental. \u00c0 chaque pleine lune, les h\u00f4tes sont invit\u00e9s \u00e0 d\u00eener \u00e0 la lueur des bougies.   <\/span><\/p>\t\t\t\t\t\t\t\t<\/div>\n\t\t\t\t<\/div>\n\t\t\t\t<\/div>\n\t\t<div class=\"elementor-element elementor-element-3dc82b1 e-con-full e-flex e-con e-child\" data-id=\"3dc82b1\" data-element_type=\"container\" data-e-type=\"container\" data-settings=\"{&quot;background_background&quot;:&quot;classic&quot;}\">\n\t\t\t\t<div class=\"elementor-element elementor-element-86fde00 elementor-widget elementor-widget-spacer\" data-id=\"86fde00\" data-element_type=\"widget\" data-e-type=\"widget\" data-widget_type=\"spacer.default\">\n\t\t\t\t<div class=\"elementor-widget-container\">\n\t\t\t\t\t\t\t<div class=\"elementor-spacer\">\n\t\t\t<div class=\"elementor-spacer-inner\"><\/div>\n\t\t<\/div>\n\t\t\t\t\t\t<\/div>\n\t\t\t\t<\/div>\n\t\t\t\t<\/div>\n\t\t\t\t\t<\/div>\n\t\t\t\t<\/div>\n\t\t<div class=\"elementor-element elementor-element-5ec7d0b e-flex e-con-boxed e-con e-parent\" data-id=\"5ec7d0b\" data-element_type=\"container\" data-e-type=\"container\">\n\t\t\t\t\t<div class=\"e-con-inner\">\n\t\t<div class=\"elementor-element elementor-element-9ae32da e-con-full e-flex e-con e-child\" data-id=\"9ae32da\" data-element_type=\"container\" data-e-type=\"container\" data-settings=\"{&quot;background_background&quot;:&quot;classic&quot;}\">\n\t\t\t\t<div class=\"elementor-element elementor-element-15c21ed elementor-widget elementor-widget-spacer\" data-id=\"15c21ed\" data-element_type=\"widget\" data-e-type=\"widget\" data-widget_type=\"spacer.default\">\n\t\t\t\t<div class=\"elementor-widget-container\">\n\t\t\t\t\t\t\t<div class=\"elementor-spacer\">\n\t\t\t<div class=\"elementor-spacer-inner\"><\/div>\n\t\t<\/div>\n\t\t\t\t\t\t<\/div>\n\t\t\t\t<\/div>\n\t\t\t\t<\/div>\n\t\t<div class=\"elementor-element elementor-element-36b8dc8 e-con-full e-flex e-con e-child\" data-id=\"36b8dc8\" data-element_type=\"container\" data-e-type=\"container\">\n\t\t\t\t<div class=\"elementor-element elementor-element-d58d6f7 elementor-widget__width-initial elementor-widget elementor-widget-text-editor\" data-id=\"d58d6f7\" data-element_type=\"widget\" data-e-type=\"widget\" data-widget_type=\"text-editor.default\">\n\t\t\t\t<div class=\"elementor-widget-container\">\n\t\t\t\t\t\t\t\t\t<p>En r\u00e9duisant l&#8217;\u00e9clairage artificiel, nous diminuons la consommation d&#8217;\u00e9nergie et la pollution lumineuse, cr\u00e9ant ainsi un environnement nocturne plus naturel qui favorise la faune nocturne tout en permettant aux h\u00f4tes de renouer avec la beaut\u00e9 tranquille de la nuit. Lors d&#8217;occasions sp\u00e9ciales, comme le Jour de la Terre, Lights Out est sublim\u00e9 par un d\u00eener sur la falaise, sous la lumi\u00e8re de la pleine lune. <\/p><p>De retour dans la for\u00eat tropicale, la conservation rencontre la gastronomie \u00e0 travers des exp\u00e9riences culinaires soigneusement \u00e9labor\u00e9es au Humo at The Banks et au Grove House at Sleeping Giant. Ici, la durabilit\u00e9 occupe une place centrale, les ingr\u00e9dients d&#8217;origine locale et les pratiques traditionnelles \u00e9tant associ\u00e9s \u00e0 la narration, d\u00e9montrant comment m\u00eame un repas partag\u00e9 peut refl\u00e9ter un engagement profond envers la pr\u00e9servation de l&#8217;environnement. <\/p>\t\t\t\t\t\t\t\t<\/div>\n\t\t\t\t<\/div>\n\t\t\t\t<\/div>\n\t\t\t\t\t<\/div>\n\t\t\t\t<\/div>\n\t\t<div class=\"elementor-element elementor-element-23d9a16 e-flex e-con-boxed e-con e-parent\" data-id=\"23d9a16\" data-element_type=\"container\" data-e-type=\"container\">\n\t\t\t\t\t<div class=\"e-con-inner\">\n\t\t<div class=\"elementor-element elementor-element-34b9ba9 e-con-full e-flex e-con e-child\" data-id=\"34b9ba9\" data-element_type=\"container\" data-e-type=\"container\">\n\t\t\t\t<div class=\"elementor-element elementor-element-8db95f0 elementor-widget__width-initial elementor-widget elementor-widget-text-editor\" data-id=\"8db95f0\" data-element_type=\"widget\" data-e-type=\"widget\" data-widget_type=\"text-editor.default\">\n\t\t\t\t<div class=\"elementor-widget-container\">\n\t\t\t\t\t\t\t\t\t<p>Alors que The Belize Collection continue d&#8217;int\u00e9grer la durabilit\u00e9 dans ses pratiques quotidiennes et ses initiatives telles que Seeds of Tomorrow, la conservation n&#8217;est plus un concept lointain. La conservation devient quelque chose qui peut \u00eatre v\u00e9cu, auquel on peut participer et que l&#8217;on peut poursuivre bien apr\u00e8s la fin du voyage. <\/p><p>Nous vous invitons \u00e0 nous rejoindre.<\/p>\t\t\t\t\t\t\t\t<\/div>\n\t\t\t\t<\/div>\n\t\t\t\t<\/div>\n\t\t\t\t\t<\/div>\n\t\t\t\t<\/div>\n\t\t<div class=\"elementor-element elementor-element-ec5a5d2 e-flex e-con-boxed e-con e-parent\" data-id=\"ec5a5d2\" data-element_type=\"container\" data-e-type=\"container\">\n\t\t\t\t\t<div class=\"e-con-inner\">\n\t\t\t\t<div class=\"elementor-element elementor-element-f4abdd7 elementor-widget elementor-widget-spacer\" data-id=\"f4abdd7\" data-element_type=\"widget\" data-e-type=\"widget\" data-widget_type=\"spacer.default\">\n\t\t\t\t<div class=\"elementor-widget-container\">\n\t\t\t\t\t\t\t<div class=\"elementor-spacer\">\n\t\t\t<div class=\"elementor-spacer-inner\"><\/div>\n\t\t<\/div>\n\t\t\t\t\t\t<\/div>\n\t\t\t\t<\/div>\n\t\t\t\t\t<\/div>\n\t\t\t\t<\/div>\n\t\t\t\t<\/div>\n\t\t","protected":false},"excerpt":{"rendered":"<p>Le Belize est un pays d\u00e9fini par sa beaut\u00e9 naturelle, des for\u00eats tropicales et rivi\u00e8res aux r\u00e9cifs coralliens regorgeant de vie. Alors que nous comm\u00e9morons le Jour de la Terre, notre attention se tourne vers l&#8217;action. Nous reconnaissons que la protection du patrimoine naturel du Belize n\u00e9cessite plus que de l&#8217;admiration. The Belize Collection continue [&hellip;]<\/p>\n","protected":false},"author":4,"featured_media":71180,"comment_status":"closed","ping_status":"open","sticky":false,"template":"elementor_theme","format":"standard","meta":{"_acf_changed":false,"_vp_format_video_url":"","_vp_image_focal_point":[],"_jetpack_memberships_contains_paid_content":false,"footnotes":""},"categories":[207],"tags":[],"class_list":["post-75175","post","type-post","status-publish","format-standard","has-post-thumbnail","hentry","category-blog"],"acf":[],"yoast_head":"<!-- This site is optimized with the Yoast SEO plugin v27.5 - https:\/\/yoast.com\/product\/yoast-seo-wordpress\/ -->\n<title>C\u00e9l\u00e9brez le Jour de la Terre avec The Belize Collection : prot\u00e9ger la faune gr\u00e2ce \u00e0 un tourisme responsable - The Belize Collection<\/title>\n<meta name=\"robots\" content=\"index, follow, max-snippet:-1, max-image-preview:large, max-video-preview:-1\" \/>\n<link rel=\"canonical\" href=\"https:\/\/thebelizecollection.com\/fr\/celebrez-le-jour-de-la-terre-avec-the-belize-collection-proteger-la-faune-grace-a-un-tourisme-responsable\/\" \/>\n<meta property=\"og:locale\" content=\"fr_FR\" \/>\n<meta property=\"og:type\" content=\"article\" \/>\n<meta property=\"og:title\" content=\"C\u00e9l\u00e9brez le Jour de la Terre avec The Belize Collection : prot\u00e9ger la faune gr\u00e2ce \u00e0 un tourisme responsable - The Belize Collection\" \/>\n<meta property=\"og:description\" content=\"Le Belize est un pays d\u00e9fini par sa beaut\u00e9 naturelle, des for\u00eats tropicales et rivi\u00e8res aux r\u00e9cifs coralliens regorgeant de vie. Alors que nous comm\u00e9morons le Jour de la Terre, notre attention se tourne vers l&#8217;action. Nous reconnaissons que la protection du patrimoine naturel du Belize n\u00e9cessite plus que de l&#8217;admiration. The Belize Collection continue [&hellip;]\" \/>\n<meta property=\"og:url\" content=\"https:\/\/thebelizecollection.com\/fr\/celebrez-le-jour-de-la-terre-avec-the-belize-collection-proteger-la-faune-grace-a-un-tourisme-responsable\/\" \/>\n<meta property=\"og:site_name\" content=\"The Belize Collection\" \/>\n<meta property=\"article:published_time\" content=\"2026-04-22T22:41:36+00:00\" \/>\n<meta property=\"article:modified_time\" content=\"2026-04-24T13:53:45+00:00\" \/>\n<meta property=\"og:image\" content=\"https:\/\/thebelizecollection.com\/wp-content\/uploads\/2026\/03\/ACP_TBC_BANKS_7321.jpg\" \/>\n\t<meta property=\"og:image:width\" content=\"2048\" \/>\n\t<meta property=\"og:image:height\" content=\"1366\" \/>\n\t<meta property=\"og:image:type\" content=\"image\/jpeg\" \/>\n<meta name=\"author\" content=\"Elisha Flores\" \/>\n<meta name=\"twitter:card\" content=\"summary_large_image\" \/>\n<meta name=\"twitter:label1\" content=\"\u00c9crit par\" \/>\n\t<meta name=\"twitter:data1\" content=\"Elisha Flores\" \/>\n\t<meta name=\"twitter:label2\" content=\"Dur\u00e9e de lecture estim\u00e9e\" \/>\n\t<meta name=\"twitter:data2\" content=\"3 minutes\" \/>\n<script type=\"application\/ld+json\" class=\"yoast-schema-graph\">{\"@context\":\"https:\\\/\\\/schema.org\",\"@graph\":[{\"@type\":\"Article\",\"@id\":\"https:\\\/\\\/thebelizecollection.com\\\/fr\\\/celebrez-le-jour-de-la-terre-avec-the-belize-collection-proteger-la-faune-grace-a-un-tourisme-responsable\\\/#article\",\"isPartOf\":{\"@id\":\"https:\\\/\\\/thebelizecollection.com\\\/fr\\\/celebrez-le-jour-de-la-terre-avec-the-belize-collection-proteger-la-faune-grace-a-un-tourisme-responsable\\\/\"},\"author\":{\"name\":\"Elisha Flores\",\"@id\":\"https:\\\/\\\/thebelizecollection.com\\\/fr\\\/#\\\/schema\\\/person\\\/306d0d90dbe35344e91fcd3447f29e99\"},\"headline\":\"C\u00e9l\u00e9brez le Jour de la Terre avec The Belize Collection : prot\u00e9ger la faune gr\u00e2ce \u00e0 un tourisme responsable\",\"datePublished\":\"2026-04-22T22:41:36+00:00\",\"dateModified\":\"2026-04-24T13:53:45+00:00\",\"mainEntityOfPage\":{\"@id\":\"https:\\\/\\\/thebelizecollection.com\\\/fr\\\/celebrez-le-jour-de-la-terre-avec-the-belize-collection-proteger-la-faune-grace-a-un-tourisme-responsable\\\/\"},\"wordCount\":617,\"image\":{\"@id\":\"https:\\\/\\\/thebelizecollection.com\\\/fr\\\/celebrez-le-jour-de-la-terre-avec-the-belize-collection-proteger-la-faune-grace-a-un-tourisme-responsable\\\/#primaryimage\"},\"thumbnailUrl\":\"https:\\\/\\\/thebelizecollection.com\\\/wp-content\\\/uploads\\\/2026\\\/03\\\/ACP_TBC_BANKS_7321.jpg\",\"articleSection\":[\"Blog\"],\"inLanguage\":\"fr-FR\"},{\"@type\":\"WebPage\",\"@id\":\"https:\\\/\\\/thebelizecollection.com\\\/fr\\\/celebrez-le-jour-de-la-terre-avec-the-belize-collection-proteger-la-faune-grace-a-un-tourisme-responsable\\\/\",\"url\":\"https:\\\/\\\/thebelizecollection.com\\\/fr\\\/celebrez-le-jour-de-la-terre-avec-the-belize-collection-proteger-la-faune-grace-a-un-tourisme-responsable\\\/\",\"name\":\"C\u00e9l\u00e9brez le Jour de la Terre avec The Belize Collection : prot\u00e9ger la faune gr\u00e2ce \u00e0 un tourisme responsable - The Belize Collection\",\"isPartOf\":{\"@id\":\"https:\\\/\\\/thebelizecollection.com\\\/fr\\\/#website\"},\"primaryImageOfPage\":{\"@id\":\"https:\\\/\\\/thebelizecollection.com\\\/fr\\\/celebrez-le-jour-de-la-terre-avec-the-belize-collection-proteger-la-faune-grace-a-un-tourisme-responsable\\\/#primaryimage\"},\"image\":{\"@id\":\"https:\\\/\\\/thebelizecollection.com\\\/fr\\\/celebrez-le-jour-de-la-terre-avec-the-belize-collection-proteger-la-faune-grace-a-un-tourisme-responsable\\\/#primaryimage\"},\"thumbnailUrl\":\"https:\\\/\\\/thebelizecollection.com\\\/wp-content\\\/uploads\\\/2026\\\/03\\\/ACP_TBC_BANKS_7321.jpg\",\"datePublished\":\"2026-04-22T22:41:36+00:00\",\"dateModified\":\"2026-04-24T13:53:45+00:00\",\"author\":{\"@id\":\"https:\\\/\\\/thebelizecollection.com\\\/fr\\\/#\\\/schema\\\/person\\\/306d0d90dbe35344e91fcd3447f29e99\"},\"breadcrumb\":{\"@id\":\"https:\\\/\\\/thebelizecollection.com\\\/fr\\\/celebrez-le-jour-de-la-terre-avec-the-belize-collection-proteger-la-faune-grace-a-un-tourisme-responsable\\\/#breadcrumb\"},\"inLanguage\":\"fr-FR\",\"potentialAction\":[{\"@type\":\"ReadAction\",\"target\":[\"https:\\\/\\\/thebelizecollection.com\\\/fr\\\/celebrez-le-jour-de-la-terre-avec-the-belize-collection-proteger-la-faune-grace-a-un-tourisme-responsable\\\/\"]}]},{\"@type\":\"ImageObject\",\"inLanguage\":\"fr-FR\",\"@id\":\"https:\\\/\\\/thebelizecollection.com\\\/fr\\\/celebrez-le-jour-de-la-terre-avec-the-belize-collection-proteger-la-faune-grace-a-un-tourisme-responsable\\\/#primaryimage\",\"url\":\"https:\\\/\\\/thebelizecollection.com\\\/wp-content\\\/uploads\\\/2026\\\/03\\\/ACP_TBC_BANKS_7321.jpg\",\"contentUrl\":\"https:\\\/\\\/thebelizecollection.com\\\/wp-content\\\/uploads\\\/2026\\\/03\\\/ACP_TBC_BANKS_7321.jpg\",\"width\":2048,\"height\":1366},{\"@type\":\"BreadcrumbList\",\"@id\":\"https:\\\/\\\/thebelizecollection.com\\\/fr\\\/celebrez-le-jour-de-la-terre-avec-the-belize-collection-proteger-la-faune-grace-a-un-tourisme-responsable\\\/#breadcrumb\",\"itemListElement\":[{\"@type\":\"ListItem\",\"position\":1,\"name\":\"Home\",\"item\":\"https:\\\/\\\/thebelizecollection.com\\\/fr\\\/the-belize-collection-2\\\/\"},{\"@type\":\"ListItem\",\"position\":2,\"name\":\"C\u00e9l\u00e9brez le Jour de la Terre avec The Belize Collection : prot\u00e9ger la faune gr\u00e2ce \u00e0 un tourisme responsable\"}]},{\"@type\":\"WebSite\",\"@id\":\"https:\\\/\\\/thebelizecollection.com\\\/fr\\\/#website\",\"url\":\"https:\\\/\\\/thebelizecollection.com\\\/fr\\\/\",\"name\":\"The Belize Collection\",\"description\":\"Everything Belize\",\"potentialAction\":[{\"@type\":\"SearchAction\",\"target\":{\"@type\":\"EntryPoint\",\"urlTemplate\":\"https:\\\/\\\/thebelizecollection.com\\\/fr\\\/?s={search_term_string}\"},\"query-input\":{\"@type\":\"PropertyValueSpecification\",\"valueRequired\":true,\"valueName\":\"search_term_string\"}}],\"inLanguage\":\"fr-FR\"},{\"@type\":\"Person\",\"@id\":\"https:\\\/\\\/thebelizecollection.com\\\/fr\\\/#\\\/schema\\\/person\\\/306d0d90dbe35344e91fcd3447f29e99\",\"name\":\"Elisha Flores\",\"image\":{\"@type\":\"ImageObject\",\"inLanguage\":\"fr-FR\",\"@id\":\"https:\\\/\\\/secure.gravatar.com\\\/avatar\\\/986d80b268908568640658a10a487b8cbb88b23baf0c180e95cec6f6c1d7709c?s=96&d=mm&r=g\",\"url\":\"https:\\\/\\\/secure.gravatar.com\\\/avatar\\\/986d80b268908568640658a10a487b8cbb88b23baf0c180e95cec6f6c1d7709c?s=96&d=mm&r=g\",\"contentUrl\":\"https:\\\/\\\/secure.gravatar.com\\\/avatar\\\/986d80b268908568640658a10a487b8cbb88b23baf0c180e95cec6f6c1d7709c?s=96&d=mm&r=g\",\"caption\":\"Elisha Flores\"},\"url\":\"https:\\\/\\\/thebelizecollection.com\\\/fr\\\/author\\\/elisha\\\/\"}]}<\/script>\n<!-- \/ Yoast SEO plugin. -->","yoast_head_json":{"title":"C\u00e9l\u00e9brez le Jour de la Terre avec The Belize Collection : prot\u00e9ger la faune gr\u00e2ce \u00e0 un tourisme responsable - The Belize Collection","robots":{"index":"index","follow":"follow","max-snippet":"max-snippet:-1","max-image-preview":"max-image-preview:large","max-video-preview":"max-video-preview:-1"},"canonical":"https:\/\/thebelizecollection.com\/fr\/celebrez-le-jour-de-la-terre-avec-the-belize-collection-proteger-la-faune-grace-a-un-tourisme-responsable\/","og_locale":"fr_FR","og_type":"article","og_title":"C\u00e9l\u00e9brez le Jour de la Terre avec The Belize Collection : prot\u00e9ger la faune gr\u00e2ce \u00e0 un tourisme responsable - The Belize Collection","og_description":"Le Belize est un pays d\u00e9fini par sa beaut\u00e9 naturelle, des for\u00eats tropicales et rivi\u00e8res aux r\u00e9cifs coralliens regorgeant de vie. Alors que nous comm\u00e9morons le Jour de la Terre, notre attention se tourne vers l&#8217;action. Nous reconnaissons que la protection du patrimoine naturel du Belize n\u00e9cessite plus que de l&#8217;admiration. The Belize Collection continue [&hellip;]","og_url":"https:\/\/thebelizecollection.com\/fr\/celebrez-le-jour-de-la-terre-avec-the-belize-collection-proteger-la-faune-grace-a-un-tourisme-responsable\/","og_site_name":"The Belize Collection","article_published_time":"2026-04-22T22:41:36+00:00","article_modified_time":"2026-04-24T13:53:45+00:00","og_image":[{"width":2048,"height":1366,"url":"https:\/\/thebelizecollection.com\/wp-content\/uploads\/2026\/03\/ACP_TBC_BANKS_7321.jpg","type":"image\/jpeg"}],"author":"Elisha Flores","twitter_card":"summary_large_image","twitter_misc":{"\u00c9crit par":"Elisha Flores","Dur\u00e9e de lecture estim\u00e9e":"3 minutes"},"schema":{"@context":"https:\/\/schema.org","@graph":[{"@type":"Article","@id":"https:\/\/thebelizecollection.com\/fr\/celebrez-le-jour-de-la-terre-avec-the-belize-collection-proteger-la-faune-grace-a-un-tourisme-responsable\/#article","isPartOf":{"@id":"https:\/\/thebelizecollection.com\/fr\/celebrez-le-jour-de-la-terre-avec-the-belize-collection-proteger-la-faune-grace-a-un-tourisme-responsable\/"},"author":{"name":"Elisha Flores","@id":"https:\/\/thebelizecollection.com\/fr\/#\/schema\/person\/306d0d90dbe35344e91fcd3447f29e99"},"headline":"C\u00e9l\u00e9brez le Jour de la Terre avec The Belize Collection : prot\u00e9ger la faune gr\u00e2ce \u00e0 un tourisme responsable","datePublished":"2026-04-22T22:41:36+00:00","dateModified":"2026-04-24T13:53:45+00:00","mainEntityOfPage":{"@id":"https:\/\/thebelizecollection.com\/fr\/celebrez-le-jour-de-la-terre-avec-the-belize-collection-proteger-la-faune-grace-a-un-tourisme-responsable\/"},"wordCount":617,"image":{"@id":"https:\/\/thebelizecollection.com\/fr\/celebrez-le-jour-de-la-terre-avec-the-belize-collection-proteger-la-faune-grace-a-un-tourisme-responsable\/#primaryimage"},"thumbnailUrl":"https:\/\/thebelizecollection.com\/wp-content\/uploads\/2026\/03\/ACP_TBC_BANKS_7321.jpg","articleSection":["Blog"],"inLanguage":"fr-FR"},{"@type":"WebPage","@id":"https:\/\/thebelizecollection.com\/fr\/celebrez-le-jour-de-la-terre-avec-the-belize-collection-proteger-la-faune-grace-a-un-tourisme-responsable\/","url":"https:\/\/thebelizecollection.com\/fr\/celebrez-le-jour-de-la-terre-avec-the-belize-collection-proteger-la-faune-grace-a-un-tourisme-responsable\/","name":"C\u00e9l\u00e9brez le Jour de la Terre avec The Belize Collection : prot\u00e9ger la faune gr\u00e2ce \u00e0 un tourisme responsable - The Belize Collection","isPartOf":{"@id":"https:\/\/thebelizecollection.com\/fr\/#website"},"primaryImageOfPage":{"@id":"https:\/\/thebelizecollection.com\/fr\/celebrez-le-jour-de-la-terre-avec-the-belize-collection-proteger-la-faune-grace-a-un-tourisme-responsable\/#primaryimage"},"image":{"@id":"https:\/\/thebelizecollection.com\/fr\/celebrez-le-jour-de-la-terre-avec-the-belize-collection-proteger-la-faune-grace-a-un-tourisme-responsable\/#primaryimage"},"thumbnailUrl":"https:\/\/thebelizecollection.com\/wp-content\/uploads\/2026\/03\/ACP_TBC_BANKS_7321.jpg","datePublished":"2026-04-22T22:41:36+00:00","dateModified":"2026-04-24T13:53:45+00:00","author":{"@id":"https:\/\/thebelizecollection.com\/fr\/#\/schema\/person\/306d0d90dbe35344e91fcd3447f29e99"},"breadcrumb":{"@id":"https:\/\/thebelizecollection.com\/fr\/celebrez-le-jour-de-la-terre-avec-the-belize-collection-proteger-la-faune-grace-a-un-tourisme-responsable\/#breadcrumb"},"inLanguage":"fr-FR","potentialAction":[{"@type":"ReadAction","target":["https:\/\/thebelizecollection.com\/fr\/celebrez-le-jour-de-la-terre-avec-the-belize-collection-proteger-la-faune-grace-a-un-tourisme-responsable\/"]}]},{"@type":"ImageObject","inLanguage":"fr-FR","@id":"https:\/\/thebelizecollection.com\/fr\/celebrez-le-jour-de-la-terre-avec-the-belize-collection-proteger-la-faune-grace-a-un-tourisme-responsable\/#primaryimage","url":"https:\/\/thebelizecollection.com\/wp-content\/uploads\/2026\/03\/ACP_TBC_BANKS_7321.jpg","contentUrl":"https:\/\/thebelizecollection.com\/wp-content\/uploads\/2026\/03\/ACP_TBC_BANKS_7321.jpg","width":2048,"height":1366},{"@type":"BreadcrumbList","@id":"https:\/\/thebelizecollection.com\/fr\/celebrez-le-jour-de-la-terre-avec-the-belize-collection-proteger-la-faune-grace-a-un-tourisme-responsable\/#breadcrumb","itemListElement":[{"@type":"ListItem","position":1,"name":"Home","item":"https:\/\/thebelizecollection.com\/fr\/the-belize-collection-2\/"},{"@type":"ListItem","position":2,"name":"C\u00e9l\u00e9brez le Jour de la Terre avec The Belize Collection : prot\u00e9ger la faune gr\u00e2ce \u00e0 un tourisme responsable"}]},{"@type":"WebSite","@id":"https:\/\/thebelizecollection.com\/fr\/#website","url":"https:\/\/thebelizecollection.com\/fr\/","name":"The Belize Collection","description":"Everything Belize","potentialAction":[{"@type":"SearchAction","target":{"@type":"EntryPoint","urlTemplate":"https:\/\/thebelizecollection.com\/fr\/?s={search_term_string}"},"query-input":{"@type":"PropertyValueSpecification","valueRequired":true,"valueName":"search_term_string"}}],"inLanguage":"fr-FR"},{"@type":"Person","@id":"https:\/\/thebelizecollection.com\/fr\/#\/schema\/person\/306d0d90dbe35344e91fcd3447f29e99","name":"Elisha Flores","image":{"@type":"ImageObject","inLanguage":"fr-FR","@id":"https:\/\/secure.gravatar.com\/avatar\/986d80b268908568640658a10a487b8cbb88b23baf0c180e95cec6f6c1d7709c?s=96&d=mm&r=g","url":"https:\/\/secure.gravatar.com\/avatar\/986d80b268908568640658a10a487b8cbb88b23baf0c180e95cec6f6c1d7709c?s=96&d=mm&r=g","contentUrl":"https:\/\/secure.gravatar.com\/avatar\/986d80b268908568640658a10a487b8cbb88b23baf0c180e95cec6f6c1d7709c?s=96&d=mm&r=g","caption":"Elisha Flores"},"url":"https:\/\/thebelizecollection.com\/fr\/author\/elisha\/"}]}},"jetpack_featured_media_url":"https:\/\/thebelizecollection.com\/wp-content\/uploads\/2026\/03\/ACP_TBC_BANKS_7321.jpg","jetpack_sharing_enabled":true,"_links":{"self":[{"href":"https:\/\/thebelizecollection.com\/fr\/wp-json\/wp\/v2\/posts\/75175","targetHints":{"allow":["GET"]}}],"collection":[{"href":"https:\/\/thebelizecollection.com\/fr\/wp-json\/wp\/v2\/posts"}],"about":[{"href":"https:\/\/thebelizecollection.com\/fr\/wp-json\/wp\/v2\/types\/post"}],"author":[{"embeddable":true,"href":"https:\/\/thebelizecollection.com\/fr\/wp-json\/wp\/v2\/users\/4"}],"replies":[{"embeddable":true,"href":"https:\/\/thebelizecollection.com\/fr\/wp-json\/wp\/v2\/comments?post=75175"}],"version-history":[{"count":1,"href":"https:\/\/thebelizecollection.com\/fr\/wp-json\/wp\/v2\/posts\/75175\/revisions"}],"predecessor-version":[{"id":75176,"href":"https:\/\/thebelizecollection.com\/fr\/wp-json\/wp\/v2\/posts\/75175\/revisions\/75176"}],"wp:featuredmedia":[{"embeddable":true,"href":"https:\/\/thebelizecollection.com\/fr\/wp-json\/wp\/v2\/media\/71180"}],"wp:attachment":[{"href":"https:\/\/thebelizecollection.com\/fr\/wp-json\/wp\/v2\/media?parent=75175"}],"wp:term":[{"taxonomy":"category","embeddable":true,"href":"https:\/\/thebelizecollection.com\/fr\/wp-json\/wp\/v2\/categories?post=75175"},{"taxonomy":"post_tag","embeddable":true,"href":"https:\/\/thebelizecollection.com\/fr\/wp-json\/wp\/v2\/tags?post=75175"}],"curies":[{"name":"wp","href":"https:\/\/api.w.org\/{rel}","templated":true}]}}