{"id":75342,"date":"2022-09-22T16:00:00","date_gmt":"2022-09-22T22:00:00","guid":{"rendered":"https:\/\/thebelizecollection.com\/the-lodge-at-jaguar-reef-une-retraite-hivernale-pour-vous-et-les-oiseaux\/"},"modified":"2026-04-24T07:57:55","modified_gmt":"2026-04-24T13:57:55","slug":"the-lodge-at-jaguar-reef-une-retraite-hivernale-pour-vous-et-les-oiseaux","status":"publish","type":"post","link":"https:\/\/thebelizecollection.com\/fr\/the-lodge-at-jaguar-reef-une-retraite-hivernale-pour-vous-et-les-oiseaux\/","title":{"rendered":"The Lodge at Jaguar Reef : une retraite hivernale pour vous et les oiseaux"},"content":{"rendered":"\t\t<div data-elementor-type=\"wp-post\" data-elementor-id=\"75342\" class=\"elementor elementor-75342 elementor-16768\" data-elementor-post-type=\"post\">\n\t\t\t\t\t\t<section class=\"elementor-section elementor-top-section elementor-element elementor-element-6e5b10cb elementor-section-boxed elementor-section-height-default elementor-section-height-default\" data-id=\"6e5b10cb\" data-element_type=\"section\" data-e-type=\"section\">\n\t\t\t\t\t\t<div class=\"elementor-container elementor-column-gap-default\">\n\t\t\t\t\t<div class=\"elementor-column elementor-col-100 elementor-top-column elementor-element elementor-element-79809478\" data-id=\"79809478\" data-element_type=\"column\" data-e-type=\"column\">\n\t\t\t<div class=\"elementor-widget-wrap elementor-element-populated\">\n\t\t\t\t\t\t<div class=\"elementor-element elementor-element-7695dc67 elementor-widget elementor-widget-text-editor\" data-id=\"7695dc67\" data-element_type=\"widget\" data-e-type=\"widget\" data-widget_type=\"text-editor.default\">\n\t\t\t\t<div class=\"elementor-widget-container\">\n\t\t\t\t\t\t\t\t\t\n<div class=\"wp-block-columns\">\n<div class=\"wp-block-column\" style=\"flex-basis: 100%;\">\n<p>Alors que l\u2019hiver s\u2019installe en Am\u00e9rique du Nord, le climat du Belize est \u00e0 son apog\u00e9e pour de nombreux habitants et visiteurs en d\u00e9cembre et janvier, avec des temp\u00e9ratures \u00e9voquant les premi\u00e8res touches de l\u2019\u00e9t\u00e9 \u00e0 la fin du printemps. \u00c0 seulement quelques heures de vol de nombreux a\u00e9roports internationaux des \u00c9tats-Unis, le Belize et The Lodge at Jaguar Reef, dans le village de Hopkins, sont pr\u00eats \u00e0 accueillir ceux qui cherchent un r\u00e9pit face \u00e0 la saison la plus rude d\u2019Am\u00e9rique du Nord. En tant que pays dont l\u2019anglais est la langue officielle, le Belize offre une grande facilit\u00e9 de communication o\u00f9 que vous alliez et, \u00e0 Jaguar Reef, tous les employ\u00e9s ma\u00eetrisent \u00e9galement la langue d\u2019un service client de premier ordre.  <\/p>\n\n\n\n<div class=\"wp-block-columns\">\n<div class=\"wp-block-column\">\n<p>Les visiteurs de The Lodge at Jaguar Reef disposent d\u2019un large \u00e9ventail d\u2019options pour profiter au mieux de leur s\u00e9jour, que vous pr\u00e9f\u00e9riez vous d\u00e9tendre dans votre chambre ou profiter des longues journ\u00e9es ensoleill\u00e9es sur la plage. En ce qui concerne l\u2019h\u00e9bergement, peu de choses au Belize soutiennent la comparaison avec les chambres sur mesure du Lodge. Pr\u00e9lassez-vous dans une chambre con\u00e7ue de mani\u00e8re optimale pour votre plaisir, tout en offrant intimit\u00e9 et distractions minimales pour mieux savourer votre s\u00e9jour comme bon vous semble.  <\/p>\n<\/div>\n\n\n\n<div class=\"wp-block-column\">\n<figure class=\"wp-block-image size-large\"><img decoding=\"async\" class=\"wp-image-12705\" src=\"https:\/\/thebelizecollection.com\/wp-content\/uploads\/2023\/11\/MYP07684_WebOpd.jpg\" alt=\"\"><\/figure>\n<\/div>\n<\/div>\n<\/div>\n<\/div>\n\n\n\n<div class=\"wp-block-columns\">\n<div class=\"wp-block-column\">\n<figure class=\"wp-block-image size-large\"><img decoding=\"async\" class=\"wp-image-12706\" src=\"https:\/\/thebelizecollection.com\/wp-content\/uploads\/2023\/07\/MG_3821_WebOpd.jpg\" alt=\"\"><\/figure>\n<\/div>\n\n\n\n<div class=\"wp-block-column\">\n<p>Profitez des plages de Hopkins sans vous soucier de la chaleur estivale et, le temps d\u2019un instant, savourez vos fantasmes de farniente o\u00f9 des noix de coco fra\u00eechement r\u00e9colt\u00e9es vous sont apport\u00e9es pr\u00eates \u00e0 \u00eatre d\u00e9gust\u00e9es. Tout en profitant de ces doux rayons de d\u00e9cembre, vous pouvez envisager vos options pour la journ\u00e9e, car Jaguar Reef propose une vaste gamme d\u2019activit\u00e9s sur place pour vous permettre de profiter au maximum de votre escapade hivernale. Si vous souhaitez faire monter votre rythme cardiaque, vous pouvez utiliser l\u2019un des kayaks ou des planches de stand-up paddle du complexe pour partir en mer et profiter des embruns sal\u00e9s tout en longeant le littoral du village, en admirant l\u2019une des communaut\u00e9s historiques Garifuna du Belize. Si vous avez de la chance, vous aurez peut-\u00eatre le privil\u00e8ge d\u2019apercevoir un lamantin ou un dauphin au cours de son propre voyage. Pour ceux qui recherchent une activit\u00e9 aquatique plus tranquille, vous pouvez nager directement \u00e0 la plage, \u00e0 la piscine, ou vous \u00e9lancer depuis la corde du Big Dock pour savourer quelques brasses autour de la jet\u00e9e.    <\/p>\n<\/div>\n<\/div>\n\n\n\n<div class=\"wp-block-columns\">\n<div class=\"wp-block-column\">\n<p>Si vous souhaitez sortir du complexe pour d\u00e9couvrir davantage la culture b\u00e9lizienne, essayez la visite sur le th\u00e8me du chocolat, o\u00f9 vous aurez l\u2019occasion de voir comment le cacao est transform\u00e9 en l\u2019un des plus grands d\u00e9lices de la Terre, et m\u00eame de vous essayer \u00e0 sa fabrication avant de d\u00e9guster le produit fini. Vous d\u00e9couvrirez l\u2019histoire de la production de cacao dans une ferme biologique ainsi que l\u2019importance de cette plante pour la culture maya. <\/p>\n\n\n\n<p>Une s\u00e9lection haut de gamme d\u2019excursions de plong\u00e9e avec tuba et de p\u00eache est \u00e9galement disponible pour ceux qui souhaitent s\u2019approcher de la vie marine du Belize. Lors de la sortie \u00ab Barrier Reef Light Tackle Sport Fishing \u00bb, vous ferez une excursion en bateau \u00e0 travers les mangroves et les r\u00e9cifs du sud du Belize pour d\u00e9couvrir la p\u00eache telle que pratiqu\u00e9e par les B\u00e9liziens, \u00e0 la tra\u00eene et au filet. Vous comprendrez personnellement pourquoi le Belize est si r\u00e9put\u00e9 pour sa p\u00eache et vous aurez la possibilit\u00e9 de faire cuisiner la prise du jour pour vous au Paddle House, le restaurant de premier choix de Jaguar Reef. En ce qui concerne la plong\u00e9e avec tuba, nos options sont con\u00e7ues pour s\u2019adapter aux nageurs d\u00e9butants. Choisissez entre une excursion d\u2019une demi-journ\u00e9e \u00e0 South Water Caye, \u00e0 proximit\u00e9, pour d\u00e9couvrir les merveilles du r\u00e9cif sur deux sites, ou aventurez-vous un peu plus loin jusqu\u2019\u00e0 Silk Caye. L\u00e0, vous pourrez vous immerger dans l\u2019une des zones les plus denses du r\u00e9cif au sein d\u2019une r\u00e9serve marine. Reprenez des forces avec un d\u00e9jeuner l\u00e9ger sur l\u2019\u00eele avant une derni\u00e8re \u00e9tape \u00e0 Turtle Alley, connue pour \u00eatre le terrain de jeu des raies pastenagues, des tortues et des requins-nourrices, tous habitu\u00e9s aux humains.      <\/p>\n<\/div>\n\n\n\n<div class=\"wp-block-column\">\n<figure class=\"wp-block-image size-large\"><img decoding=\"async\" class=\"wp-image-12709\" src=\"https:\/\/thebelizecollection.com\/wp-content\/uploads\/2023\/07\/DSC07213_WebOpd.jpg\" alt=\"\"><\/figure>\n<\/div>\n<\/div>\n\n\n\n<div class=\"wp-block-columns\">\n<div class=\"wp-block-column\">\n<figure class=\"wp-block-image size-large\"><img decoding=\"async\" class=\"wp-image-12710\" src=\"https:\/\/thebelizecollection.com\/wp-content\/uploads\/2023\/10\/IMG_20230512_103444_webopd.jpg\" alt=\"\"><\/figure>\n<\/div>\n\n\n\n<div class=\"wp-block-column\">\n<p>Il est \u00e9galement possible de visiter la r\u00e9serve de jaguars et, potentiellement, d\u2019apercevoir l\u2019animal \u00e9ponyme. M\u00eame si le f\u00e9lin pr\u00e9f\u00e9r\u00e9 du Belize ne se montre pas, vous serez tout de m\u00eame combl\u00e9 par l\u2019occasion d\u2019appr\u00e9cier un paysage forestier luxuriant, qui abrite une multitude d\u2019animaux indig\u00e8nes et constitue un carrefour migratoire pour de nombreux oiseaux d\u2019Am\u00e9rique du Nord fuyant \u00e9galement le froid. <\/p>\n\n\n\n<p>Et ne vous inqui\u00e9tez pas, vous pouvez toujours savourer certains classiques des vacances d\u2019hiver \u00e0 Jaguar Reef, comme le lait de poule, ou opter pour la variante b\u00e9lizienne, le \u00ab rum popo \u00bb, une boisson cr\u00e9meuse agr\u00e9ment\u00e9e d\u2019un trait ou deux de rhum b\u00e9lizien vieilli. Commandez-en un via le service d\u2019\u00e9tage et d\u00e9gustez-le dans le confort et l\u2019intimit\u00e9 de la piscine priv\u00e9e disponible dans plusieurs de nos suites, tout en r\u00e9fl\u00e9chissant aux cadeaux de la journ\u00e9e et en pr\u00e9parant votre prochaine aventure. <\/p>\n\n\n\n<p>Quelle que soit la fa\u00e7on dont vous d\u00e9cidez de passer vos vacances d\u2019hiver \u00e0 The Lodge at Jaguar Reef, il est certain que vous rentrerez chez vous avec l\u2019\u00e9clat chaleureux du soleil tropical pour vous aider \u00e0 traverser le reste de l\u2019hiver.<\/p>\n<\/div>\n<\/div>\n\t\t\t\t\t\t\t\t<\/div>\n\t\t\t\t<\/div>\n\t\t\t\t\t<\/div>\n\t\t<\/div>\n\t\t\t\t\t<\/div>\n\t\t<\/section>\n\t\t\t\t<\/div>\n\t\t","protected":false},"excerpt":{"rendered":"<p>Alors que l\u2019hiver s\u2019installe en Am\u00e9rique du Nord, le climat du Belize est \u00e0 son apog\u00e9e pour de nombreux habitants et visiteurs en d\u00e9cembre et janvier, avec des temp\u00e9ratures \u00e9voquant les premi\u00e8res touches de l\u2019\u00e9t\u00e9 \u00e0 la fin du printemps. \u00c0 seulement quelques heures de vol de nombreux a\u00e9roports internationaux des \u00c9tats-Unis, le Belize et [&hellip;]<\/p>\n","protected":false},"author":5,"featured_media":75343,"comment_status":"open","ping_status":"open","sticky":false,"template":"","format":"standard","meta":{"_acf_changed":false,"_vp_format_video_url":"","_vp_image_focal_point":[],"_jetpack_memberships_contains_paid_content":false,"footnotes":""},"categories":[207],"tags":[],"class_list":["post-75342","post","type-post","status-publish","format-standard","has-post-thumbnail","hentry","category-blog"],"acf":[],"yoast_head":"<!-- This site is optimized with the Yoast SEO plugin v27.4 - https:\/\/yoast.com\/product\/yoast-seo-wordpress\/ -->\n<title>The Lodge at Jaguar Reef : une retraite hivernale pour vous et les oiseaux - The Belize Collection<\/title>\n<meta name=\"robots\" content=\"index, follow, max-snippet:-1, max-image-preview:large, max-video-preview:-1\" \/>\n<link rel=\"canonical\" href=\"https:\/\/thebelizecollection.com\/fr\/the-lodge-at-jaguar-reef-une-retraite-hivernale-pour-vous-et-les-oiseaux\/\" \/>\n<meta property=\"og:locale\" content=\"fr_FR\" \/>\n<meta property=\"og:type\" content=\"article\" \/>\n<meta property=\"og:title\" content=\"The Lodge at Jaguar Reef : une retraite hivernale pour vous et les oiseaux - The Belize Collection\" \/>\n<meta property=\"og:description\" content=\"Alors que l\u2019hiver s\u2019installe en Am\u00e9rique du Nord, le climat du Belize est \u00e0 son apog\u00e9e pour de nombreux habitants et visiteurs en d\u00e9cembre et janvier, avec des temp\u00e9ratures \u00e9voquant les premi\u00e8res touches de l\u2019\u00e9t\u00e9 \u00e0 la fin du printemps. \u00c0 seulement quelques heures de vol de nombreux a\u00e9roports internationaux des \u00c9tats-Unis, le Belize et [&hellip;]\" \/>\n<meta property=\"og:url\" content=\"https:\/\/thebelizecollection.com\/fr\/the-lodge-at-jaguar-reef-une-retraite-hivernale-pour-vous-et-les-oiseaux\/\" \/>\n<meta property=\"og:site_name\" content=\"The Belize Collection\" \/>\n<meta property=\"article:published_time\" content=\"2022-09-22T22:00:00+00:00\" \/>\n<meta property=\"article:modified_time\" content=\"2026-04-24T13:57:55+00:00\" \/>\n<meta property=\"og:image\" content=\"https:\/\/thebelizecollection.com\/wp-content\/uploads\/2023\/05\/MYP07575_WebOpd.jpg\" \/>\n\t<meta property=\"og:image:width\" content=\"1620\" \/>\n\t<meta property=\"og:image:height\" content=\"1080\" \/>\n\t<meta property=\"og:image:type\" content=\"image\/jpeg\" \/>\n<meta name=\"author\" content=\"Diomne Habet\" \/>\n<meta name=\"twitter:card\" content=\"summary_large_image\" \/>\n<meta name=\"twitter:label1\" content=\"\u00c9crit par\" \/>\n\t<meta name=\"twitter:data1\" content=\"Diomne Habet\" \/>\n\t<meta name=\"twitter:label2\" content=\"Dur\u00e9e de lecture estim\u00e9e\" \/>\n\t<meta name=\"twitter:data2\" content=\"5 minutes\" \/>\n<script type=\"application\/ld+json\" class=\"yoast-schema-graph\">{\"@context\":\"https:\\\/\\\/schema.org\",\"@graph\":[{\"@type\":\"Article\",\"@id\":\"https:\\\/\\\/thebelizecollection.com\\\/fr\\\/the-lodge-at-jaguar-reef-une-retraite-hivernale-pour-vous-et-les-oiseaux\\\/#article\",\"isPartOf\":{\"@id\":\"https:\\\/\\\/thebelizecollection.com\\\/fr\\\/the-lodge-at-jaguar-reef-une-retraite-hivernale-pour-vous-et-les-oiseaux\\\/\"},\"author\":{\"name\":\"Diomne Habet\",\"@id\":\"https:\\\/\\\/thebelizecollection.com\\\/fr\\\/#\\\/schema\\\/person\\\/c003553001987b9222be3a1a83c2ade0\"},\"headline\":\"The Lodge at Jaguar Reef : une retraite hivernale pour vous et les oiseaux\",\"datePublished\":\"2022-09-22T22:00:00+00:00\",\"dateModified\":\"2026-04-24T13:57:55+00:00\",\"mainEntityOfPage\":{\"@id\":\"https:\\\/\\\/thebelizecollection.com\\\/fr\\\/the-lodge-at-jaguar-reef-une-retraite-hivernale-pour-vous-et-les-oiseaux\\\/\"},\"wordCount\":977,\"commentCount\":0,\"image\":{\"@id\":\"https:\\\/\\\/thebelizecollection.com\\\/fr\\\/the-lodge-at-jaguar-reef-une-retraite-hivernale-pour-vous-et-les-oiseaux\\\/#primaryimage\"},\"thumbnailUrl\":\"https:\\\/\\\/thebelizecollection.com\\\/wp-content\\\/uploads\\\/2023\\\/05\\\/MYP07575_WebOpd.jpg\",\"articleSection\":[\"Blog\"],\"inLanguage\":\"fr-FR\",\"potentialAction\":[{\"@type\":\"CommentAction\",\"name\":\"Comment\",\"target\":[\"https:\\\/\\\/thebelizecollection.com\\\/fr\\\/the-lodge-at-jaguar-reef-une-retraite-hivernale-pour-vous-et-les-oiseaux\\\/#respond\"]}]},{\"@type\":\"WebPage\",\"@id\":\"https:\\\/\\\/thebelizecollection.com\\\/fr\\\/the-lodge-at-jaguar-reef-une-retraite-hivernale-pour-vous-et-les-oiseaux\\\/\",\"url\":\"https:\\\/\\\/thebelizecollection.com\\\/fr\\\/the-lodge-at-jaguar-reef-une-retraite-hivernale-pour-vous-et-les-oiseaux\\\/\",\"name\":\"The Lodge at Jaguar Reef : une retraite hivernale pour vous et les oiseaux - The Belize Collection\",\"isPartOf\":{\"@id\":\"https:\\\/\\\/thebelizecollection.com\\\/fr\\\/#website\"},\"primaryImageOfPage\":{\"@id\":\"https:\\\/\\\/thebelizecollection.com\\\/fr\\\/the-lodge-at-jaguar-reef-une-retraite-hivernale-pour-vous-et-les-oiseaux\\\/#primaryimage\"},\"image\":{\"@id\":\"https:\\\/\\\/thebelizecollection.com\\\/fr\\\/the-lodge-at-jaguar-reef-une-retraite-hivernale-pour-vous-et-les-oiseaux\\\/#primaryimage\"},\"thumbnailUrl\":\"https:\\\/\\\/thebelizecollection.com\\\/wp-content\\\/uploads\\\/2023\\\/05\\\/MYP07575_WebOpd.jpg\",\"datePublished\":\"2022-09-22T22:00:00+00:00\",\"dateModified\":\"2026-04-24T13:57:55+00:00\",\"author\":{\"@id\":\"https:\\\/\\\/thebelizecollection.com\\\/fr\\\/#\\\/schema\\\/person\\\/c003553001987b9222be3a1a83c2ade0\"},\"breadcrumb\":{\"@id\":\"https:\\\/\\\/thebelizecollection.com\\\/fr\\\/the-lodge-at-jaguar-reef-une-retraite-hivernale-pour-vous-et-les-oiseaux\\\/#breadcrumb\"},\"inLanguage\":\"fr-FR\",\"potentialAction\":[{\"@type\":\"ReadAction\",\"target\":[\"https:\\\/\\\/thebelizecollection.com\\\/fr\\\/the-lodge-at-jaguar-reef-une-retraite-hivernale-pour-vous-et-les-oiseaux\\\/\"]}]},{\"@type\":\"ImageObject\",\"inLanguage\":\"fr-FR\",\"@id\":\"https:\\\/\\\/thebelizecollection.com\\\/fr\\\/the-lodge-at-jaguar-reef-une-retraite-hivernale-pour-vous-et-les-oiseaux\\\/#primaryimage\",\"url\":\"https:\\\/\\\/thebelizecollection.com\\\/wp-content\\\/uploads\\\/2023\\\/05\\\/MYP07575_WebOpd.jpg\",\"contentUrl\":\"https:\\\/\\\/thebelizecollection.com\\\/wp-content\\\/uploads\\\/2023\\\/05\\\/MYP07575_WebOpd.jpg\",\"width\":1620,\"height\":1080},{\"@type\":\"BreadcrumbList\",\"@id\":\"https:\\\/\\\/thebelizecollection.com\\\/fr\\\/the-lodge-at-jaguar-reef-une-retraite-hivernale-pour-vous-et-les-oiseaux\\\/#breadcrumb\",\"itemListElement\":[{\"@type\":\"ListItem\",\"position\":1,\"name\":\"Home\",\"item\":\"https:\\\/\\\/thebelizecollection.com\\\/fr\\\/the-belize-collection-2\\\/\"},{\"@type\":\"ListItem\",\"position\":2,\"name\":\"The Lodge at Jaguar Reef : une retraite hivernale pour vous et les oiseaux\"}]},{\"@type\":\"WebSite\",\"@id\":\"https:\\\/\\\/thebelizecollection.com\\\/fr\\\/#website\",\"url\":\"https:\\\/\\\/thebelizecollection.com\\\/fr\\\/\",\"name\":\"The Belize Collection\",\"description\":\"Everything Belize\",\"potentialAction\":[{\"@type\":\"SearchAction\",\"target\":{\"@type\":\"EntryPoint\",\"urlTemplate\":\"https:\\\/\\\/thebelizecollection.com\\\/fr\\\/?s={search_term_string}\"},\"query-input\":{\"@type\":\"PropertyValueSpecification\",\"valueRequired\":true,\"valueName\":\"search_term_string\"}}],\"inLanguage\":\"fr-FR\"},{\"@type\":\"Person\",\"@id\":\"https:\\\/\\\/thebelizecollection.com\\\/fr\\\/#\\\/schema\\\/person\\\/c003553001987b9222be3a1a83c2ade0\",\"name\":\"Diomne Habet\",\"image\":{\"@type\":\"ImageObject\",\"inLanguage\":\"fr-FR\",\"@id\":\"https:\\\/\\\/secure.gravatar.com\\\/avatar\\\/9928bb46d9a7774550471795fe93dac5d2d8ef3bb620716653e6fcdc813a5bf0?s=96&d=mm&r=g\",\"url\":\"https:\\\/\\\/secure.gravatar.com\\\/avatar\\\/9928bb46d9a7774550471795fe93dac5d2d8ef3bb620716653e6fcdc813a5bf0?s=96&d=mm&r=g\",\"contentUrl\":\"https:\\\/\\\/secure.gravatar.com\\\/avatar\\\/9928bb46d9a7774550471795fe93dac5d2d8ef3bb620716653e6fcdc813a5bf0?s=96&d=mm&r=g\",\"caption\":\"Diomne Habet\"},\"url\":\"https:\\\/\\\/thebelizecollection.com\\\/fr\\\/author\\\/diomne\\\/\"}]}<\/script>\n<!-- \/ Yoast SEO plugin. -->","yoast_head_json":{"title":"The Lodge at Jaguar Reef : une retraite hivernale pour vous et les oiseaux - The Belize Collection","robots":{"index":"index","follow":"follow","max-snippet":"max-snippet:-1","max-image-preview":"max-image-preview:large","max-video-preview":"max-video-preview:-1"},"canonical":"https:\/\/thebelizecollection.com\/fr\/the-lodge-at-jaguar-reef-une-retraite-hivernale-pour-vous-et-les-oiseaux\/","og_locale":"fr_FR","og_type":"article","og_title":"The Lodge at Jaguar Reef : une retraite hivernale pour vous et les oiseaux - The Belize Collection","og_description":"Alors que l\u2019hiver s\u2019installe en Am\u00e9rique du Nord, le climat du Belize est \u00e0 son apog\u00e9e pour de nombreux habitants et visiteurs en d\u00e9cembre et janvier, avec des temp\u00e9ratures \u00e9voquant les premi\u00e8res touches de l\u2019\u00e9t\u00e9 \u00e0 la fin du printemps. \u00c0 seulement quelques heures de vol de nombreux a\u00e9roports internationaux des \u00c9tats-Unis, le Belize et [&hellip;]","og_url":"https:\/\/thebelizecollection.com\/fr\/the-lodge-at-jaguar-reef-une-retraite-hivernale-pour-vous-et-les-oiseaux\/","og_site_name":"The Belize Collection","article_published_time":"2022-09-22T22:00:00+00:00","article_modified_time":"2026-04-24T13:57:55+00:00","og_image":[{"width":1620,"height":1080,"url":"https:\/\/thebelizecollection.com\/wp-content\/uploads\/2023\/05\/MYP07575_WebOpd.jpg","type":"image\/jpeg"}],"author":"Diomne Habet","twitter_card":"summary_large_image","twitter_misc":{"\u00c9crit par":"Diomne Habet","Dur\u00e9e de lecture estim\u00e9e":"5 minutes"},"schema":{"@context":"https:\/\/schema.org","@graph":[{"@type":"Article","@id":"https:\/\/thebelizecollection.com\/fr\/the-lodge-at-jaguar-reef-une-retraite-hivernale-pour-vous-et-les-oiseaux\/#article","isPartOf":{"@id":"https:\/\/thebelizecollection.com\/fr\/the-lodge-at-jaguar-reef-une-retraite-hivernale-pour-vous-et-les-oiseaux\/"},"author":{"name":"Diomne Habet","@id":"https:\/\/thebelizecollection.com\/fr\/#\/schema\/person\/c003553001987b9222be3a1a83c2ade0"},"headline":"The Lodge at Jaguar Reef : une retraite hivernale pour vous et les oiseaux","datePublished":"2022-09-22T22:00:00+00:00","dateModified":"2026-04-24T13:57:55+00:00","mainEntityOfPage":{"@id":"https:\/\/thebelizecollection.com\/fr\/the-lodge-at-jaguar-reef-une-retraite-hivernale-pour-vous-et-les-oiseaux\/"},"wordCount":977,"commentCount":0,"image":{"@id":"https:\/\/thebelizecollection.com\/fr\/the-lodge-at-jaguar-reef-une-retraite-hivernale-pour-vous-et-les-oiseaux\/#primaryimage"},"thumbnailUrl":"https:\/\/thebelizecollection.com\/wp-content\/uploads\/2023\/05\/MYP07575_WebOpd.jpg","articleSection":["Blog"],"inLanguage":"fr-FR","potentialAction":[{"@type":"CommentAction","name":"Comment","target":["https:\/\/thebelizecollection.com\/fr\/the-lodge-at-jaguar-reef-une-retraite-hivernale-pour-vous-et-les-oiseaux\/#respond"]}]},{"@type":"WebPage","@id":"https:\/\/thebelizecollection.com\/fr\/the-lodge-at-jaguar-reef-une-retraite-hivernale-pour-vous-et-les-oiseaux\/","url":"https:\/\/thebelizecollection.com\/fr\/the-lodge-at-jaguar-reef-une-retraite-hivernale-pour-vous-et-les-oiseaux\/","name":"The Lodge at Jaguar Reef : une retraite hivernale pour vous et les oiseaux - The Belize Collection","isPartOf":{"@id":"https:\/\/thebelizecollection.com\/fr\/#website"},"primaryImageOfPage":{"@id":"https:\/\/thebelizecollection.com\/fr\/the-lodge-at-jaguar-reef-une-retraite-hivernale-pour-vous-et-les-oiseaux\/#primaryimage"},"image":{"@id":"https:\/\/thebelizecollection.com\/fr\/the-lodge-at-jaguar-reef-une-retraite-hivernale-pour-vous-et-les-oiseaux\/#primaryimage"},"thumbnailUrl":"https:\/\/thebelizecollection.com\/wp-content\/uploads\/2023\/05\/MYP07575_WebOpd.jpg","datePublished":"2022-09-22T22:00:00+00:00","dateModified":"2026-04-24T13:57:55+00:00","author":{"@id":"https:\/\/thebelizecollection.com\/fr\/#\/schema\/person\/c003553001987b9222be3a1a83c2ade0"},"breadcrumb":{"@id":"https:\/\/thebelizecollection.com\/fr\/the-lodge-at-jaguar-reef-une-retraite-hivernale-pour-vous-et-les-oiseaux\/#breadcrumb"},"inLanguage":"fr-FR","potentialAction":[{"@type":"ReadAction","target":["https:\/\/thebelizecollection.com\/fr\/the-lodge-at-jaguar-reef-une-retraite-hivernale-pour-vous-et-les-oiseaux\/"]}]},{"@type":"ImageObject","inLanguage":"fr-FR","@id":"https:\/\/thebelizecollection.com\/fr\/the-lodge-at-jaguar-reef-une-retraite-hivernale-pour-vous-et-les-oiseaux\/#primaryimage","url":"https:\/\/thebelizecollection.com\/wp-content\/uploads\/2023\/05\/MYP07575_WebOpd.jpg","contentUrl":"https:\/\/thebelizecollection.com\/wp-content\/uploads\/2023\/05\/MYP07575_WebOpd.jpg","width":1620,"height":1080},{"@type":"BreadcrumbList","@id":"https:\/\/thebelizecollection.com\/fr\/the-lodge-at-jaguar-reef-une-retraite-hivernale-pour-vous-et-les-oiseaux\/#breadcrumb","itemListElement":[{"@type":"ListItem","position":1,"name":"Home","item":"https:\/\/thebelizecollection.com\/fr\/the-belize-collection-2\/"},{"@type":"ListItem","position":2,"name":"The Lodge at Jaguar Reef : une retraite hivernale pour vous et les oiseaux"}]},{"@type":"WebSite","@id":"https:\/\/thebelizecollection.com\/fr\/#website","url":"https:\/\/thebelizecollection.com\/fr\/","name":"The Belize Collection","description":"Everything Belize","potentialAction":[{"@type":"SearchAction","target":{"@type":"EntryPoint","urlTemplate":"https:\/\/thebelizecollection.com\/fr\/?s={search_term_string}"},"query-input":{"@type":"PropertyValueSpecification","valueRequired":true,"valueName":"search_term_string"}}],"inLanguage":"fr-FR"},{"@type":"Person","@id":"https:\/\/thebelizecollection.com\/fr\/#\/schema\/person\/c003553001987b9222be3a1a83c2ade0","name":"Diomne Habet","image":{"@type":"ImageObject","inLanguage":"fr-FR","@id":"https:\/\/secure.gravatar.com\/avatar\/9928bb46d9a7774550471795fe93dac5d2d8ef3bb620716653e6fcdc813a5bf0?s=96&d=mm&r=g","url":"https:\/\/secure.gravatar.com\/avatar\/9928bb46d9a7774550471795fe93dac5d2d8ef3bb620716653e6fcdc813a5bf0?s=96&d=mm&r=g","contentUrl":"https:\/\/secure.gravatar.com\/avatar\/9928bb46d9a7774550471795fe93dac5d2d8ef3bb620716653e6fcdc813a5bf0?s=96&d=mm&r=g","caption":"Diomne Habet"},"url":"https:\/\/thebelizecollection.com\/fr\/author\/diomne\/"}]}},"jetpack_featured_media_url":"https:\/\/thebelizecollection.com\/wp-content\/uploads\/2023\/05\/MYP07575_WebOpd.jpg","jetpack_sharing_enabled":true,"_links":{"self":[{"href":"https:\/\/thebelizecollection.com\/fr\/wp-json\/wp\/v2\/posts\/75342","targetHints":{"allow":["GET"]}}],"collection":[{"href":"https:\/\/thebelizecollection.com\/fr\/wp-json\/wp\/v2\/posts"}],"about":[{"href":"https:\/\/thebelizecollection.com\/fr\/wp-json\/wp\/v2\/types\/post"}],"author":[{"embeddable":true,"href":"https:\/\/thebelizecollection.com\/fr\/wp-json\/wp\/v2\/users\/5"}],"replies":[{"embeddable":true,"href":"https:\/\/thebelizecollection.com\/fr\/wp-json\/wp\/v2\/comments?post=75342"}],"version-history":[{"count":3,"href":"https:\/\/thebelizecollection.com\/fr\/wp-json\/wp\/v2\/posts\/75342\/revisions"}],"predecessor-version":[{"id":75346,"href":"https:\/\/thebelizecollection.com\/fr\/wp-json\/wp\/v2\/posts\/75342\/revisions\/75346"}],"wp:featuredmedia":[{"embeddable":true,"href":"https:\/\/thebelizecollection.com\/fr\/wp-json\/wp\/v2\/media\/75343"}],"wp:attachment":[{"href":"https:\/\/thebelizecollection.com\/fr\/wp-json\/wp\/v2\/media?parent=75342"}],"wp:term":[{"taxonomy":"category","embeddable":true,"href":"https:\/\/thebelizecollection.com\/fr\/wp-json\/wp\/v2\/categories?post=75342"},{"taxonomy":"post_tag","embeddable":true,"href":"https:\/\/thebelizecollection.com\/fr\/wp-json\/wp\/v2\/tags?post=75342"}],"curies":[{"name":"wp","href":"https:\/\/api.w.org\/{rel}","templated":true}]}}